{"id":1991,"date":"2017-03-24T11:53:25","date_gmt":"2017-03-24T11:53:25","guid":{"rendered":"https:\/\/garces-wp.ixole.es\/?p=1991\/"},"modified":"2017-05-03T08:25:28","modified_gmt":"2017-05-03T08:25:28","slug":"nace-isadmu-una-unidad-multidisciplinar-para-tratar-las-enfermedades-inflamatorias","status":"publish","type":"post","link":"https:\/\/garces-wp.ixole.es\/ca\/2017\/03\/24\/nace-isadmu-una-unidad-multidisciplinar-para-tratar-las-enfermedades-inflamatorias\/","title":{"rendered":"Neix ISADMU, una unitat multidisciplin\u00e0ria per tractar les malalties inflamat\u00f2ries"},"content":{"rendered":"<p>El passat dijous 23 de mar\u00e7 es va celebrar a la sala d&#8217;actes del Centro M\u00e9dico Teknon, la <strong>1a reuni\u00f3 multidisciplin\u00e0ria de Malalties Inflamat\u00f2ries i Autoimmunes Sist\u00e8miques organitzada pel grup ISADMU<\/strong>. Les sigles signifiquen <em>Inflammatory and Systemic autoimmune Diseases Multidisciplinary Unit<\/em> i t\u00e9 com a ra\u00f3 de ser <strong>millorar el diagn\u00f2stic, seguiment i tractament dels pacients amb malalties autoimmunes sist\u00e8miques inflamat\u00f2ries<\/strong>.<\/p>\n<p>Aquest grup ha estat creat recentment i es coordina transversalment des de les especialitats de reumatologia (Dr. Juan Mu\u00f1oz Ortego), digestiu (Dr. Miquel Sans Cuffi) i dermatologia (<a href=\"https:\/\/garces-wp.ixole.es\/ca\/dr-xavier-garcia-navarro\/\">Dr. \u00a0Xavier Garc\u00eda-Navarro<\/a>, membre de Dermatek i de l&#8217;Institut de Dermatologia Garc\u00e9s ). Inclou a m\u00e9s altres 14 especialitats m\u00e8diques que treballen al Centre M\u00e8dic Teknon.<\/p>\n<p><img loading=\"lazy\" decoding=\"async\" class=\"size-medium wp-image-1993 alignleft\" src=\"https:\/\/garces-wp.ixole.es\/wp-content\/uploads\/2017\/04\/IMG-20170324-WA0000-01-300x230.jpeg\" alt=\"IMG-20170324-WA0000-01\" width=\"300\" height=\"230\" srcset=\"https:\/\/garces-wp.ixole.es\/wp-content\/uploads\/2017\/04\/IMG-20170324-WA0000-01-300x230.jpeg 300w, https:\/\/garces-wp.ixole.es\/wp-content\/uploads\/2017\/04\/IMG-20170324-WA0000-01-768x589.jpeg 768w, https:\/\/garces-wp.ixole.es\/wp-content\/uploads\/2017\/04\/IMG-20170324-WA0000-01-732x562.jpeg 732w, https:\/\/garces-wp.ixole.es\/wp-content\/uploads\/2017\/04\/IMG-20170324-WA0000-01.jpeg 778w\" sizes=\"auto, (max-width: 300px) 100vw, 300px\" \/>Aquesta jornada ha suposat el tret de sortida per a ISADMU de cara a donar-se a con\u00e8ixer entre la professi\u00f3 m\u00e8dica i ha comptat amb 6 pon\u00e8ncies d&#8217;alt nivell cient\u00edfic.<\/p>\n<p>En el bloc de Reumatologia va acudir des de Santiago de Compostel\u00b7la el Professor G\u00f3mez Regne que va parlar sobre les noves<strong> dianes terap\u00e8utiques en artritis reumatoide<\/strong>, mentre que el Dr. Mu\u00f1oz Ortego va parlar de la<strong> import\u00e0ncia de la incid\u00e8ncia d&#8217;osteoporosi en les malalties inflamat\u00f2ries i autoimmunes<\/strong>. En el bloc d&#8217;Aparell Digestiu la Dra. Ricart de l&#8217;Hospital Cl\u00ednic ens va parlar del <strong>maneig actual amb f\u00e0rmacs biol\u00f2gics de la malaltia inflamat\u00f2ria intestinal<\/strong>, mentre que el Dr. Sans es va centrar en els <strong>f\u00e0rmacs sist\u00e8mics no biol\u00f2gics<\/strong>. Finalment, a la part de Dermatologia, la Dra. Bielsa de l&#8217;hospital Germans Trias i Pujol ens va donar llum sobre el <strong>maneig de les manifestacions cut\u00e0nies del Lupus eritemat\u00f3s<\/strong> mentre que el Dr. Garc\u00eda-Navarro va plantejar la <strong>necessitat d&#8217;entendre la psoriasi com una malaltia inflamat\u00f2ria sist\u00e8mica<\/strong>, que associa m\u00e9s risc de patir m\u00faltiples comorbiditats a part de l&#8217;afectaci\u00f3 pr\u00f2piament cut\u00e0nia.<\/p>\n<p>Aix\u00ed doncs, els pacients amb psoriasi, sobretot aquells amb psoriasi m\u00e9s greus tenen m\u00e9s possibilitats de patir artritis psori\u00e0sica, esdeveniments cardiovasculars, obesitat i s\u00edndrome metab\u00f2lica, malaltia renal, malaltia inflamat\u00f2ria intestinal, manifestacions psiqui\u00e0triques i fins i tot alguns tipus de c\u00e0ncer com a pulm\u00f3 i limfoma . Per tant, el Dr. Garc\u00eda-Navarro va destacar la necessitat de derivar els pacients amb aquesta patologia als especialistes adequats per al seu control i tractament, donant molta import\u00e0ncia al maneig multidisciplinari, una de les raons de ser de ISADMU.<\/p>\n","protected":false},"excerpt":{"rendered":"<p>Neix ISADMU, un grup formar per metges de diferents especialitats per millorar el diagn\u00f2stic, seguiment i tractament dels pacients amb malalties autoimmunes sist\u00e8miques inflamat\u00f2ries.<\/p>\n","protected":false},"author":1,"featured_media":1992,"comment_status":"closed","ping_status":"open","sticky":false,"template":"","format":"standard","meta":{"footnotes":""},"categories":[88],"tags":[114,115],"class_list":["post-1991","post","type-post","status-publish","format-standard","has-post-thumbnail","hentry","category-actualitat-en-dermatologia","tag-dr-xavier-garcia-navarro","tag-isadmu"],"yoast_head":"<!-- This site is optimized with the Yoast SEO plugin v26.7 - https:\/\/yoast.com\/wordpress\/plugins\/seo\/ -->\n<title>Neix ISADMU, una unitat multidisciplin\u00e0ria per tractar les malalties inflamat\u00f2ries - Dermatologia Garces<\/title>\n<meta name=\"robots\" content=\"index, follow, max-snippet:-1, max-image-preview:large, max-video-preview:-1\" \/>\n<link rel=\"canonical\" href=\"https:\/\/garces-wp.ixole.es\/2017\/04\/03\/nace-isadmu-una-unidad-multidisciplinar-para-tratar-las-enfermedades-inflamatorias\/\" \/>\n<meta property=\"og:locale\" content=\"ca_ES\" \/>\n<meta property=\"og:type\" content=\"article\" \/>\n<meta property=\"og:title\" content=\"Neix ISADMU, una unitat multidisciplin\u00e0ria per tractar les malalties inflamat\u00f2ries - Dermatologia Garces\" \/>\n<meta property=\"og:description\" content=\"Neix ISADMU, un grup formar per metges de diferents especialitats per millorar el diagn\u00f2stic, seguiment i tractament dels pacients amb malalties autoimmunes sist\u00e8miques inflamat\u00f2ries.\" \/>\n<meta property=\"og:url\" content=\"https:\/\/garces-wp.ixole.es\/2017\/04\/03\/nace-isadmu-una-unidad-multidisciplinar-para-tratar-las-enfermedades-inflamatorias\/\" \/>\n<meta property=\"og:site_name\" content=\"Dermatologia Garces\" \/>\n<meta property=\"article:published_time\" content=\"2017-03-24T11:53:25+00:00\" \/>\n<meta property=\"article:modified_time\" content=\"2017-05-03T08:25:28+00:00\" \/>\n<meta property=\"og:image\" content=\"https:\/\/garces-wp.ixole.es\/wp-content\/uploads\/2017\/04\/IMG-20170323-WA0006-01-e1491996480557.jpeg\" \/>\n\t<meta property=\"og:image:width\" content=\"300\" \/>\n\t<meta property=\"og:image:height\" content=\"219\" \/>\n\t<meta property=\"og:image:type\" content=\"image\/jpeg\" \/>\n<meta name=\"author\" content=\"Institut de Dermatolog\u00eda Garc\u00e9s\" \/>\n<meta name=\"twitter:card\" content=\"summary_large_image\" \/>\n<meta name=\"twitter:label1\" content=\"Written by\" \/>\n\t<meta name=\"twitter:data1\" content=\"Institut de Dermatolog\u00eda Garc\u00e9s\" \/>\n\t<meta name=\"twitter:label2\" content=\"Est. reading time\" \/>\n\t<meta name=\"twitter:data2\" content=\"2 minutes\" \/>\n<script type=\"application\/ld+json\" class=\"yoast-schema-graph\">{\"@context\":\"https:\/\/schema.org\",\"@graph\":[{\"@type\":\"Article\",\"@id\":\"https:\/\/garces-wp.ixole.es\/2017\/04\/03\/nace-isadmu-una-unidad-multidisciplinar-para-tratar-las-enfermedades-inflamatorias\/#article\",\"isPartOf\":{\"@id\":\"https:\/\/garces-wp.ixole.es\/2017\/04\/03\/nace-isadmu-una-unidad-multidisciplinar-para-tratar-las-enfermedades-inflamatorias\/\"},\"author\":{\"name\":\"Institut de Dermatolog\u00eda Garc\u00e9s\",\"@id\":\"https:\/\/garces-wp.ixole.es\/#\/schema\/person\/2f1a7a733d3ecebf2136762277ab8f5a\"},\"headline\":\"Neix ISADMU, una unitat multidisciplin\u00e0ria per tractar les malalties inflamat\u00f2ries\",\"datePublished\":\"2017-03-24T11:53:25+00:00\",\"dateModified\":\"2017-05-03T08:25:28+00:00\",\"mainEntityOfPage\":{\"@id\":\"https:\/\/garces-wp.ixole.es\/2017\/04\/03\/nace-isadmu-una-unidad-multidisciplinar-para-tratar-las-enfermedades-inflamatorias\/\"},\"wordCount\":433,\"publisher\":{\"@id\":\"https:\/\/garces-wp.ixole.es\/#organization\"},\"image\":{\"@id\":\"https:\/\/garces-wp.ixole.es\/2017\/04\/03\/nace-isadmu-una-unidad-multidisciplinar-para-tratar-las-enfermedades-inflamatorias\/#primaryimage\"},\"thumbnailUrl\":\"https:\/\/garces-wp.ixole.es\/wp-content\/uploads\/2017\/04\/IMG-20170323-WA0006-01-e1491996480557.jpeg\",\"keywords\":[\"Dr. Xavier Garc\u00eda-Navarro\",\"ISADMU\"],\"articleSection\":[\"Actualitat en dermatologia\"],\"inLanguage\":\"ca-ES\"},{\"@type\":\"WebPage\",\"@id\":\"https:\/\/garces-wp.ixole.es\/2017\/04\/03\/nace-isadmu-una-unidad-multidisciplinar-para-tratar-las-enfermedades-inflamatorias\/\",\"url\":\"https:\/\/garces-wp.ixole.es\/2017\/04\/03\/nace-isadmu-una-unidad-multidisciplinar-para-tratar-las-enfermedades-inflamatorias\/\",\"name\":\"Neix ISADMU, una unitat multidisciplin\u00e0ria per tractar les malalties inflamat\u00f2ries - Dermatologia Garces\",\"isPartOf\":{\"@id\":\"https:\/\/garces-wp.ixole.es\/#website\"},\"primaryImageOfPage\":{\"@id\":\"https:\/\/garces-wp.ixole.es\/2017\/04\/03\/nace-isadmu-una-unidad-multidisciplinar-para-tratar-las-enfermedades-inflamatorias\/#primaryimage\"},\"image\":{\"@id\":\"https:\/\/garces-wp.ixole.es\/2017\/04\/03\/nace-isadmu-una-unidad-multidisciplinar-para-tratar-las-enfermedades-inflamatorias\/#primaryimage\"},\"thumbnailUrl\":\"https:\/\/garces-wp.ixole.es\/wp-content\/uploads\/2017\/04\/IMG-20170323-WA0006-01-e1491996480557.jpeg\",\"datePublished\":\"2017-03-24T11:53:25+00:00\",\"dateModified\":\"2017-05-03T08:25:28+00:00\",\"breadcrumb\":{\"@id\":\"https:\/\/garces-wp.ixole.es\/2017\/04\/03\/nace-isadmu-una-unidad-multidisciplinar-para-tratar-las-enfermedades-inflamatorias\/#breadcrumb\"},\"inLanguage\":\"ca-ES\",\"potentialAction\":[{\"@type\":\"ReadAction\",\"target\":[\"https:\/\/garces-wp.ixole.es\/2017\/04\/03\/nace-isadmu-una-unidad-multidisciplinar-para-tratar-las-enfermedades-inflamatorias\/\"]}]},{\"@type\":\"ImageObject\",\"inLanguage\":\"ca-ES\",\"@id\":\"https:\/\/garces-wp.ixole.es\/2017\/04\/03\/nace-isadmu-una-unidad-multidisciplinar-para-tratar-las-enfermedades-inflamatorias\/#primaryimage\",\"url\":\"https:\/\/garces-wp.ixole.es\/wp-content\/uploads\/2017\/04\/IMG-20170323-WA0006-01-e1491996480557.jpeg\",\"contentUrl\":\"https:\/\/garces-wp.ixole.es\/wp-content\/uploads\/2017\/04\/IMG-20170323-WA0006-01-e1491996480557.jpeg\",\"width\":300,\"height\":219},{\"@type\":\"BreadcrumbList\",\"@id\":\"https:\/\/garces-wp.ixole.es\/2017\/04\/03\/nace-isadmu-una-unidad-multidisciplinar-para-tratar-las-enfermedades-inflamatorias\/#breadcrumb\",\"itemListElement\":[{\"@type\":\"ListItem\",\"position\":1,\"name\":\"Portada\",\"item\":\"https:\/\/garces-wp.ixole.es\/ca\/\"},{\"@type\":\"ListItem\",\"position\":2,\"name\":\"Neix ISADMU, una unitat multidisciplin\u00e0ria per tractar les malalties inflamat\u00f2ries\"}]},{\"@type\":\"WebSite\",\"@id\":\"https:\/\/garces-wp.ixole.es\/#website\",\"url\":\"https:\/\/garces-wp.ixole.es\/\",\"name\":\"Dermatologia Garces\",\"description\":\"Dermatologia Dr. JR Garc\u00e9s Centro M\u00e9dico Teknon\",\"publisher\":{\"@id\":\"https:\/\/garces-wp.ixole.es\/#organization\"},\"potentialAction\":[{\"@type\":\"SearchAction\",\"target\":{\"@type\":\"EntryPoint\",\"urlTemplate\":\"https:\/\/garces-wp.ixole.es\/?s={search_term_string}\"},\"query-input\":{\"@type\":\"PropertyValueSpecification\",\"valueRequired\":true,\"valueName\":\"search_term_string\"}}],\"inLanguage\":\"ca-ES\"},{\"@type\":\"Organization\",\"@id\":\"https:\/\/garces-wp.ixole.es\/#organization\",\"name\":\"Dermatologia Garc\u00e9s\",\"url\":\"https:\/\/garces-wp.ixole.es\/\",\"logo\":{\"@type\":\"ImageObject\",\"inLanguage\":\"ca-ES\",\"@id\":\"https:\/\/garces-wp.ixole.es\/#\/schema\/logo\/image\/\",\"url\":\"https:\/\/garces-wp.ixole.es\/wp-content\/uploads\/2016\/04\/Logotip-Garces-1-e1490180757988.png\",\"contentUrl\":\"https:\/\/garces-wp.ixole.es\/wp-content\/uploads\/2016\/04\/Logotip-Garces-1-e1490180757988.png\",\"width\":150,\"height\":55,\"caption\":\"Dermatologia Garc\u00e9s\"},\"image\":{\"@id\":\"https:\/\/garces-wp.ixole.es\/#\/schema\/logo\/image\/\"}},{\"@type\":\"Person\",\"@id\":\"https:\/\/garces-wp.ixole.es\/#\/schema\/person\/2f1a7a733d3ecebf2136762277ab8f5a\",\"name\":\"Institut de Dermatolog\u00eda Garc\u00e9s\",\"image\":{\"@type\":\"ImageObject\",\"inLanguage\":\"ca-ES\",\"@id\":\"https:\/\/garces-wp.ixole.es\/#\/schema\/person\/image\/\",\"url\":\"https:\/\/secure.gravatar.com\/avatar\/668665620fc0567fb8d4c7ad2d99508295945799ecf11ae65e024f3e70edeff5?s=96&d=mm&r=g\",\"contentUrl\":\"https:\/\/secure.gravatar.com\/avatar\/668665620fc0567fb8d4c7ad2d99508295945799ecf11ae65e024f3e70edeff5?s=96&d=mm&r=g\",\"caption\":\"Institut de Dermatolog\u00eda Garc\u00e9s\"}}]}<\/script>\n<!-- \/ Yoast SEO plugin. -->","yoast_head_json":{"title":"Neix ISADMU, una unitat multidisciplin\u00e0ria per tractar les malalties inflamat\u00f2ries - Dermatologia Garces","robots":{"index":"index","follow":"follow","max-snippet":"max-snippet:-1","max-image-preview":"max-image-preview:large","max-video-preview":"max-video-preview:-1"},"canonical":"https:\/\/garces-wp.ixole.es\/2017\/04\/03\/nace-isadmu-una-unidad-multidisciplinar-para-tratar-las-enfermedades-inflamatorias\/","og_locale":"ca_ES","og_type":"article","og_title":"Neix ISADMU, una unitat multidisciplin\u00e0ria per tractar les malalties inflamat\u00f2ries - Dermatologia Garces","og_description":"Neix ISADMU, un grup formar per metges de diferents especialitats per millorar el diagn\u00f2stic, seguiment i tractament dels pacients amb malalties autoimmunes sist\u00e8miques inflamat\u00f2ries.","og_url":"https:\/\/garces-wp.ixole.es\/2017\/04\/03\/nace-isadmu-una-unidad-multidisciplinar-para-tratar-las-enfermedades-inflamatorias\/","og_site_name":"Dermatologia Garces","article_published_time":"2017-03-24T11:53:25+00:00","article_modified_time":"2017-05-03T08:25:28+00:00","og_image":[{"width":300,"height":219,"url":"https:\/\/garces-wp.ixole.es\/wp-content\/uploads\/2017\/04\/IMG-20170323-WA0006-01-e1491996480557.jpeg","type":"image\/jpeg"}],"author":"Institut de Dermatolog\u00eda Garc\u00e9s","twitter_card":"summary_large_image","twitter_misc":{"Written by":"Institut de Dermatolog\u00eda Garc\u00e9s","Est. reading time":"2 minutes"},"schema":{"@context":"https:\/\/schema.org","@graph":[{"@type":"Article","@id":"https:\/\/garces-wp.ixole.es\/2017\/04\/03\/nace-isadmu-una-unidad-multidisciplinar-para-tratar-las-enfermedades-inflamatorias\/#article","isPartOf":{"@id":"https:\/\/garces-wp.ixole.es\/2017\/04\/03\/nace-isadmu-una-unidad-multidisciplinar-para-tratar-las-enfermedades-inflamatorias\/"},"author":{"name":"Institut de Dermatolog\u00eda Garc\u00e9s","@id":"https:\/\/garces-wp.ixole.es\/#\/schema\/person\/2f1a7a733d3ecebf2136762277ab8f5a"},"headline":"Neix ISADMU, una unitat multidisciplin\u00e0ria per tractar les malalties inflamat\u00f2ries","datePublished":"2017-03-24T11:53:25+00:00","dateModified":"2017-05-03T08:25:28+00:00","mainEntityOfPage":{"@id":"https:\/\/garces-wp.ixole.es\/2017\/04\/03\/nace-isadmu-una-unidad-multidisciplinar-para-tratar-las-enfermedades-inflamatorias\/"},"wordCount":433,"publisher":{"@id":"https:\/\/garces-wp.ixole.es\/#organization"},"image":{"@id":"https:\/\/garces-wp.ixole.es\/2017\/04\/03\/nace-isadmu-una-unidad-multidisciplinar-para-tratar-las-enfermedades-inflamatorias\/#primaryimage"},"thumbnailUrl":"https:\/\/garces-wp.ixole.es\/wp-content\/uploads\/2017\/04\/IMG-20170323-WA0006-01-e1491996480557.jpeg","keywords":["Dr. Xavier Garc\u00eda-Navarro","ISADMU"],"articleSection":["Actualitat en dermatologia"],"inLanguage":"ca-ES"},{"@type":"WebPage","@id":"https:\/\/garces-wp.ixole.es\/2017\/04\/03\/nace-isadmu-una-unidad-multidisciplinar-para-tratar-las-enfermedades-inflamatorias\/","url":"https:\/\/garces-wp.ixole.es\/2017\/04\/03\/nace-isadmu-una-unidad-multidisciplinar-para-tratar-las-enfermedades-inflamatorias\/","name":"Neix ISADMU, una unitat multidisciplin\u00e0ria per tractar les malalties inflamat\u00f2ries - Dermatologia Garces","isPartOf":{"@id":"https:\/\/garces-wp.ixole.es\/#website"},"primaryImageOfPage":{"@id":"https:\/\/garces-wp.ixole.es\/2017\/04\/03\/nace-isadmu-una-unidad-multidisciplinar-para-tratar-las-enfermedades-inflamatorias\/#primaryimage"},"image":{"@id":"https:\/\/garces-wp.ixole.es\/2017\/04\/03\/nace-isadmu-una-unidad-multidisciplinar-para-tratar-las-enfermedades-inflamatorias\/#primaryimage"},"thumbnailUrl":"https:\/\/garces-wp.ixole.es\/wp-content\/uploads\/2017\/04\/IMG-20170323-WA0006-01-e1491996480557.jpeg","datePublished":"2017-03-24T11:53:25+00:00","dateModified":"2017-05-03T08:25:28+00:00","breadcrumb":{"@id":"https:\/\/garces-wp.ixole.es\/2017\/04\/03\/nace-isadmu-una-unidad-multidisciplinar-para-tratar-las-enfermedades-inflamatorias\/#breadcrumb"},"inLanguage":"ca-ES","potentialAction":[{"@type":"ReadAction","target":["https:\/\/garces-wp.ixole.es\/2017\/04\/03\/nace-isadmu-una-unidad-multidisciplinar-para-tratar-las-enfermedades-inflamatorias\/"]}]},{"@type":"ImageObject","inLanguage":"ca-ES","@id":"https:\/\/garces-wp.ixole.es\/2017\/04\/03\/nace-isadmu-una-unidad-multidisciplinar-para-tratar-las-enfermedades-inflamatorias\/#primaryimage","url":"https:\/\/garces-wp.ixole.es\/wp-content\/uploads\/2017\/04\/IMG-20170323-WA0006-01-e1491996480557.jpeg","contentUrl":"https:\/\/garces-wp.ixole.es\/wp-content\/uploads\/2017\/04\/IMG-20170323-WA0006-01-e1491996480557.jpeg","width":300,"height":219},{"@type":"BreadcrumbList","@id":"https:\/\/garces-wp.ixole.es\/2017\/04\/03\/nace-isadmu-una-unidad-multidisciplinar-para-tratar-las-enfermedades-inflamatorias\/#breadcrumb","itemListElement":[{"@type":"ListItem","position":1,"name":"Portada","item":"https:\/\/garces-wp.ixole.es\/ca\/"},{"@type":"ListItem","position":2,"name":"Neix ISADMU, una unitat multidisciplin\u00e0ria per tractar les malalties inflamat\u00f2ries"}]},{"@type":"WebSite","@id":"https:\/\/garces-wp.ixole.es\/#website","url":"https:\/\/garces-wp.ixole.es\/","name":"Dermatologia Garces","description":"Dermatologia Dr. JR Garc\u00e9s Centro M\u00e9dico Teknon","publisher":{"@id":"https:\/\/garces-wp.ixole.es\/#organization"},"potentialAction":[{"@type":"SearchAction","target":{"@type":"EntryPoint","urlTemplate":"https:\/\/garces-wp.ixole.es\/?s={search_term_string}"},"query-input":{"@type":"PropertyValueSpecification","valueRequired":true,"valueName":"search_term_string"}}],"inLanguage":"ca-ES"},{"@type":"Organization","@id":"https:\/\/garces-wp.ixole.es\/#organization","name":"Dermatologia Garc\u00e9s","url":"https:\/\/garces-wp.ixole.es\/","logo":{"@type":"ImageObject","inLanguage":"ca-ES","@id":"https:\/\/garces-wp.ixole.es\/#\/schema\/logo\/image\/","url":"https:\/\/garces-wp.ixole.es\/wp-content\/uploads\/2016\/04\/Logotip-Garces-1-e1490180757988.png","contentUrl":"https:\/\/garces-wp.ixole.es\/wp-content\/uploads\/2016\/04\/Logotip-Garces-1-e1490180757988.png","width":150,"height":55,"caption":"Dermatologia Garc\u00e9s"},"image":{"@id":"https:\/\/garces-wp.ixole.es\/#\/schema\/logo\/image\/"}},{"@type":"Person","@id":"https:\/\/garces-wp.ixole.es\/#\/schema\/person\/2f1a7a733d3ecebf2136762277ab8f5a","name":"Institut de Dermatolog\u00eda Garc\u00e9s","image":{"@type":"ImageObject","inLanguage":"ca-ES","@id":"https:\/\/garces-wp.ixole.es\/#\/schema\/person\/image\/","url":"https:\/\/secure.gravatar.com\/avatar\/668665620fc0567fb8d4c7ad2d99508295945799ecf11ae65e024f3e70edeff5?s=96&d=mm&r=g","contentUrl":"https:\/\/secure.gravatar.com\/avatar\/668665620fc0567fb8d4c7ad2d99508295945799ecf11ae65e024f3e70edeff5?s=96&d=mm&r=g","caption":"Institut de Dermatolog\u00eda Garc\u00e9s"}}]}},"_links":{"self":[{"href":"https:\/\/garces-wp.ixole.es\/ca\/wp-json\/wp\/v2\/posts\/1991","targetHints":{"allow":["GET"]}}],"collection":[{"href":"https:\/\/garces-wp.ixole.es\/ca\/wp-json\/wp\/v2\/posts"}],"about":[{"href":"https:\/\/garces-wp.ixole.es\/ca\/wp-json\/wp\/v2\/types\/post"}],"author":[{"embeddable":true,"href":"https:\/\/garces-wp.ixole.es\/ca\/wp-json\/wp\/v2\/users\/1"}],"replies":[{"embeddable":true,"href":"https:\/\/garces-wp.ixole.es\/ca\/wp-json\/wp\/v2\/comments?post=1991"}],"version-history":[{"count":5,"href":"https:\/\/garces-wp.ixole.es\/ca\/wp-json\/wp\/v2\/posts\/1991\/revisions"}],"predecessor-version":[{"id":2102,"href":"https:\/\/garces-wp.ixole.es\/ca\/wp-json\/wp\/v2\/posts\/1991\/revisions\/2102"}],"wp:featuredmedia":[{"embeddable":true,"href":"https:\/\/garces-wp.ixole.es\/ca\/wp-json\/wp\/v2\/media\/1992"}],"wp:attachment":[{"href":"https:\/\/garces-wp.ixole.es\/ca\/wp-json\/wp\/v2\/media?parent=1991"}],"wp:term":[{"taxonomy":"category","embeddable":true,"href":"https:\/\/garces-wp.ixole.es\/ca\/wp-json\/wp\/v2\/categories?post=1991"},{"taxonomy":"post_tag","embeddable":true,"href":"https:\/\/garces-wp.ixole.es\/ca\/wp-json\/wp\/v2\/tags?post=1991"}],"curies":[{"name":"wp","href":"https:\/\/api.w.org\/{rel}","templated":true}]}}