{"id":1824,"date":"2017-01-16T12:25:28","date_gmt":"2017-01-16T12:25:28","guid":{"rendered":"https:\/\/garces-wp.ixole.es\/?p=1824\/"},"modified":"2017-04-03T15:12:35","modified_gmt":"2017-04-03T15:12:35","slug":"lestetica-en-pacients-oncologiques","status":"publish","type":"post","link":"https:\/\/garces-wp.ixole.es\/ca\/2017\/01\/16\/lestetica-en-pacients-oncologiques\/","title":{"rendered":"L&#8217;est\u00e8tica en pacients oncol\u00f2giques"},"content":{"rendered":"<p>El Institut de Dermatologia Garc\u00e9s inicia una nova unitat especialitzada en <strong>Dermatologia Oncol\u00f2gica<\/strong> amb l&#8217;objectiu de millorar els efectes est\u00e8tics que els tractaments contra el c\u00e0ncer provoquen en la pell com l&#8217;aparici\u00f3 de taques, la caiguda del p\u00e8l o la fragilitat i sequedat de la pell i ungles.<\/p>\n<p>Aquesta \u00e0rea estar\u00e0 liderada per la <strong><a href=\"https:\/\/garces-wp.ixole.es\/ca\/dra-cristina-san-jose\/\">Dra. Cristina San Jos\u00e9<\/a> i la <a href=\"https:\/\/garces-wp.ixole.es\/ca\/dra-alba-catala\/\">Dra. Alba Catal\u00e0<\/a><\/strong> i realitzar\u00e0 diferents tractaments espec\u00edfics en funci\u00f3 de les necessitats de cada pacient.<\/p>\n<ul>\n<li>Tractament de Hidrataci\u00f3 de la pell<\/li>\n<li>Micropigmentaci\u00f3 de celles i aur\u00e8oles<\/li>\n<li>Maquillatge especialitzat<\/li>\n<\/ul>\n","protected":false},"excerpt":{"rendered":"<p>El Institut de Dermatologia Garc\u00e9s inicia una nova unitat especialitzada en Dermatologia Oncol\u00f2gica amb l&#8217;objectiu de millorar els efectes est\u00e8tics que els tractaments contra el c\u00e0ncer provoquen en la pell.<\/p>\n","protected":false},"author":1,"featured_media":1021,"comment_status":"closed","ping_status":"open","sticky":false,"template":"","format":"standard","meta":{"footnotes":""},"categories":[88],"tags":[96,98,99,101],"class_list":["post-1824","post","type-post","status-publish","format-standard","has-post-thumbnail","hentry","category-actualitat-en-dermatologia","tag-dermatologia-oncologica-ca","tag-dra-alba-catala-ca","tag-dra-san-jose","tag-estetica-oncologica-ca"],"yoast_head":"<!-- This site is optimized with the Yoast SEO plugin v26.7 - https:\/\/yoast.com\/wordpress\/plugins\/seo\/ -->\n<title>L&#039;est\u00e8tica en pacients oncol\u00f2giques - Dermatologia Garces<\/title>\n<meta name=\"robots\" content=\"index, follow, max-snippet:-1, max-image-preview:large, max-video-preview:-1\" \/>\n<link rel=\"canonical\" href=\"https:\/\/garces-wp.ixole.es\/ca\/2017\/01\/16\/lestetica-en-pacients-oncologiques\/\" \/>\n<meta property=\"og:locale\" content=\"ca_ES\" \/>\n<meta property=\"og:type\" content=\"article\" \/>\n<meta property=\"og:title\" content=\"L&#039;est\u00e8tica en pacients oncol\u00f2giques - Dermatologia Garces\" \/>\n<meta property=\"og:description\" content=\"El Institut de Dermatologia Garc\u00e9s inicia una nova unitat especialitzada en Dermatologia Oncol\u00f2gica amb l&#039;objectiu de millorar els efectes est\u00e8tics que els tractaments contra el c\u00e0ncer provoquen en la pell.\" \/>\n<meta property=\"og:url\" content=\"https:\/\/garces-wp.ixole.es\/ca\/2017\/01\/16\/lestetica-en-pacients-oncologiques\/\" \/>\n<meta property=\"og:site_name\" content=\"Dermatologia Garces\" \/>\n<meta property=\"article:published_time\" content=\"2017-01-16T12:25:28+00:00\" \/>\n<meta property=\"article:modified_time\" content=\"2017-04-03T15:12:35+00:00\" \/>\n<meta property=\"og:image\" content=\"https:\/\/garces-wp.ixole.es\/wp-content\/uploads\/2017\/01\/bn2-1-e1484654336779.jpg\" \/>\n\t<meta property=\"og:image:width\" content=\"320\" \/>\n\t<meta property=\"og:image:height\" content=\"195\" \/>\n\t<meta property=\"og:image:type\" content=\"image\/jpeg\" \/>\n<meta name=\"author\" content=\"Institut de Dermatolog\u00eda Garc\u00e9s\" \/>\n<meta name=\"twitter:card\" content=\"summary_large_image\" \/>\n<meta name=\"twitter:label1\" content=\"Written by\" \/>\n\t<meta name=\"twitter:data1\" content=\"Institut de Dermatolog\u00eda Garc\u00e9s\" \/>\n<script type=\"application\/ld+json\" class=\"yoast-schema-graph\">{\"@context\":\"https:\/\/schema.org\",\"@graph\":[{\"@type\":\"Article\",\"@id\":\"https:\/\/garces-wp.ixole.es\/ca\/2017\/01\/16\/lestetica-en-pacients-oncologiques\/#article\",\"isPartOf\":{\"@id\":\"https:\/\/garces-wp.ixole.es\/ca\/2017\/01\/16\/lestetica-en-pacients-oncologiques\/\"},\"author\":{\"name\":\"Institut de Dermatolog\u00eda Garc\u00e9s\",\"@id\":\"https:\/\/garces-wp.ixole.es\/#\/schema\/person\/2f1a7a733d3ecebf2136762277ab8f5a\"},\"headline\":\"L&#8217;est\u00e8tica en pacients oncol\u00f2giques\",\"datePublished\":\"2017-01-16T12:25:28+00:00\",\"dateModified\":\"2017-04-03T15:12:35+00:00\",\"mainEntityOfPage\":{\"@id\":\"https:\/\/garces-wp.ixole.es\/ca\/2017\/01\/16\/lestetica-en-pacients-oncologiques\/\"},\"wordCount\":102,\"publisher\":{\"@id\":\"https:\/\/garces-wp.ixole.es\/#organization\"},\"image\":{\"@id\":\"https:\/\/garces-wp.ixole.es\/ca\/2017\/01\/16\/lestetica-en-pacients-oncologiques\/#primaryimage\"},\"thumbnailUrl\":\"https:\/\/garces-wp.ixole.es\/wp-content\/uploads\/2017\/01\/bn2-1-e1484654336779.jpg\",\"keywords\":[\"Dermatologia oncol\u00f2gica\",\"Dra. Alba Catal\u00e0\",\"Dra. Cristina San Jos\u00e9\",\"est\u00e8tica oncol\u00f2gica\"],\"articleSection\":[\"Actualitat en dermatologia\"],\"inLanguage\":\"ca-ES\"},{\"@type\":\"WebPage\",\"@id\":\"https:\/\/garces-wp.ixole.es\/ca\/2017\/01\/16\/lestetica-en-pacients-oncologiques\/\",\"url\":\"https:\/\/garces-wp.ixole.es\/ca\/2017\/01\/16\/lestetica-en-pacients-oncologiques\/\",\"name\":\"L'est\u00e8tica en pacients oncol\u00f2giques - Dermatologia Garces\",\"isPartOf\":{\"@id\":\"https:\/\/garces-wp.ixole.es\/#website\"},\"primaryImageOfPage\":{\"@id\":\"https:\/\/garces-wp.ixole.es\/ca\/2017\/01\/16\/lestetica-en-pacients-oncologiques\/#primaryimage\"},\"image\":{\"@id\":\"https:\/\/garces-wp.ixole.es\/ca\/2017\/01\/16\/lestetica-en-pacients-oncologiques\/#primaryimage\"},\"thumbnailUrl\":\"https:\/\/garces-wp.ixole.es\/wp-content\/uploads\/2017\/01\/bn2-1-e1484654336779.jpg\",\"datePublished\":\"2017-01-16T12:25:28+00:00\",\"dateModified\":\"2017-04-03T15:12:35+00:00\",\"breadcrumb\":{\"@id\":\"https:\/\/garces-wp.ixole.es\/ca\/2017\/01\/16\/lestetica-en-pacients-oncologiques\/#breadcrumb\"},\"inLanguage\":\"ca-ES\",\"potentialAction\":[{\"@type\":\"ReadAction\",\"target\":[\"https:\/\/garces-wp.ixole.es\/ca\/2017\/01\/16\/lestetica-en-pacients-oncologiques\/\"]}]},{\"@type\":\"ImageObject\",\"inLanguage\":\"ca-ES\",\"@id\":\"https:\/\/garces-wp.ixole.es\/ca\/2017\/01\/16\/lestetica-en-pacients-oncologiques\/#primaryimage\",\"url\":\"https:\/\/garces-wp.ixole.es\/wp-content\/uploads\/2017\/01\/bn2-1-e1484654336779.jpg\",\"contentUrl\":\"https:\/\/garces-wp.ixole.es\/wp-content\/uploads\/2017\/01\/bn2-1-e1484654336779.jpg\",\"width\":320,\"height\":195},{\"@type\":\"BreadcrumbList\",\"@id\":\"https:\/\/garces-wp.ixole.es\/ca\/2017\/01\/16\/lestetica-en-pacients-oncologiques\/#breadcrumb\",\"itemListElement\":[{\"@type\":\"ListItem\",\"position\":1,\"name\":\"Portada\",\"item\":\"https:\/\/garces-wp.ixole.es\/ca\/\"},{\"@type\":\"ListItem\",\"position\":2,\"name\":\"L&#8217;est\u00e8tica en pacients oncol\u00f2giques\"}]},{\"@type\":\"WebSite\",\"@id\":\"https:\/\/garces-wp.ixole.es\/#website\",\"url\":\"https:\/\/garces-wp.ixole.es\/\",\"name\":\"Dermatologia Garces\",\"description\":\"Dermatologia Dr. JR Garc\u00e9s Centro M\u00e9dico Teknon\",\"publisher\":{\"@id\":\"https:\/\/garces-wp.ixole.es\/#organization\"},\"potentialAction\":[{\"@type\":\"SearchAction\",\"target\":{\"@type\":\"EntryPoint\",\"urlTemplate\":\"https:\/\/garces-wp.ixole.es\/?s={search_term_string}\"},\"query-input\":{\"@type\":\"PropertyValueSpecification\",\"valueRequired\":true,\"valueName\":\"search_term_string\"}}],\"inLanguage\":\"ca-ES\"},{\"@type\":\"Organization\",\"@id\":\"https:\/\/garces-wp.ixole.es\/#organization\",\"name\":\"Dermatologia Garc\u00e9s\",\"url\":\"https:\/\/garces-wp.ixole.es\/\",\"logo\":{\"@type\":\"ImageObject\",\"inLanguage\":\"ca-ES\",\"@id\":\"https:\/\/garces-wp.ixole.es\/#\/schema\/logo\/image\/\",\"url\":\"https:\/\/garces-wp.ixole.es\/wp-content\/uploads\/2016\/04\/Logotip-Garces-1-e1490180757988.png\",\"contentUrl\":\"https:\/\/garces-wp.ixole.es\/wp-content\/uploads\/2016\/04\/Logotip-Garces-1-e1490180757988.png\",\"width\":150,\"height\":55,\"caption\":\"Dermatologia Garc\u00e9s\"},\"image\":{\"@id\":\"https:\/\/garces-wp.ixole.es\/#\/schema\/logo\/image\/\"}},{\"@type\":\"Person\",\"@id\":\"https:\/\/garces-wp.ixole.es\/#\/schema\/person\/2f1a7a733d3ecebf2136762277ab8f5a\",\"name\":\"Institut de Dermatolog\u00eda Garc\u00e9s\",\"image\":{\"@type\":\"ImageObject\",\"inLanguage\":\"ca-ES\",\"@id\":\"https:\/\/garces-wp.ixole.es\/#\/schema\/person\/image\/\",\"url\":\"https:\/\/secure.gravatar.com\/avatar\/668665620fc0567fb8d4c7ad2d99508295945799ecf11ae65e024f3e70edeff5?s=96&d=mm&r=g\",\"contentUrl\":\"https:\/\/secure.gravatar.com\/avatar\/668665620fc0567fb8d4c7ad2d99508295945799ecf11ae65e024f3e70edeff5?s=96&d=mm&r=g\",\"caption\":\"Institut de Dermatolog\u00eda Garc\u00e9s\"}}]}<\/script>\n<!-- \/ Yoast SEO plugin. -->","yoast_head_json":{"title":"L'est\u00e8tica en pacients oncol\u00f2giques - Dermatologia Garces","robots":{"index":"index","follow":"follow","max-snippet":"max-snippet:-1","max-image-preview":"max-image-preview:large","max-video-preview":"max-video-preview:-1"},"canonical":"https:\/\/garces-wp.ixole.es\/ca\/2017\/01\/16\/lestetica-en-pacients-oncologiques\/","og_locale":"ca_ES","og_type":"article","og_title":"L'est\u00e8tica en pacients oncol\u00f2giques - Dermatologia Garces","og_description":"El Institut de Dermatologia Garc\u00e9s inicia una nova unitat especialitzada en Dermatologia Oncol\u00f2gica amb l'objectiu de millorar els efectes est\u00e8tics que els tractaments contra el c\u00e0ncer provoquen en la pell.","og_url":"https:\/\/garces-wp.ixole.es\/ca\/2017\/01\/16\/lestetica-en-pacients-oncologiques\/","og_site_name":"Dermatologia Garces","article_published_time":"2017-01-16T12:25:28+00:00","article_modified_time":"2017-04-03T15:12:35+00:00","og_image":[{"width":320,"height":195,"url":"https:\/\/garces-wp.ixole.es\/wp-content\/uploads\/2017\/01\/bn2-1-e1484654336779.jpg","type":"image\/jpeg"}],"author":"Institut de Dermatolog\u00eda Garc\u00e9s","twitter_card":"summary_large_image","twitter_misc":{"Written by":"Institut de Dermatolog\u00eda Garc\u00e9s"},"schema":{"@context":"https:\/\/schema.org","@graph":[{"@type":"Article","@id":"https:\/\/garces-wp.ixole.es\/ca\/2017\/01\/16\/lestetica-en-pacients-oncologiques\/#article","isPartOf":{"@id":"https:\/\/garces-wp.ixole.es\/ca\/2017\/01\/16\/lestetica-en-pacients-oncologiques\/"},"author":{"name":"Institut de Dermatolog\u00eda Garc\u00e9s","@id":"https:\/\/garces-wp.ixole.es\/#\/schema\/person\/2f1a7a733d3ecebf2136762277ab8f5a"},"headline":"L&#8217;est\u00e8tica en pacients oncol\u00f2giques","datePublished":"2017-01-16T12:25:28+00:00","dateModified":"2017-04-03T15:12:35+00:00","mainEntityOfPage":{"@id":"https:\/\/garces-wp.ixole.es\/ca\/2017\/01\/16\/lestetica-en-pacients-oncologiques\/"},"wordCount":102,"publisher":{"@id":"https:\/\/garces-wp.ixole.es\/#organization"},"image":{"@id":"https:\/\/garces-wp.ixole.es\/ca\/2017\/01\/16\/lestetica-en-pacients-oncologiques\/#primaryimage"},"thumbnailUrl":"https:\/\/garces-wp.ixole.es\/wp-content\/uploads\/2017\/01\/bn2-1-e1484654336779.jpg","keywords":["Dermatologia oncol\u00f2gica","Dra. Alba Catal\u00e0","Dra. Cristina San Jos\u00e9","est\u00e8tica oncol\u00f2gica"],"articleSection":["Actualitat en dermatologia"],"inLanguage":"ca-ES"},{"@type":"WebPage","@id":"https:\/\/garces-wp.ixole.es\/ca\/2017\/01\/16\/lestetica-en-pacients-oncologiques\/","url":"https:\/\/garces-wp.ixole.es\/ca\/2017\/01\/16\/lestetica-en-pacients-oncologiques\/","name":"L'est\u00e8tica en pacients oncol\u00f2giques - Dermatologia Garces","isPartOf":{"@id":"https:\/\/garces-wp.ixole.es\/#website"},"primaryImageOfPage":{"@id":"https:\/\/garces-wp.ixole.es\/ca\/2017\/01\/16\/lestetica-en-pacients-oncologiques\/#primaryimage"},"image":{"@id":"https:\/\/garces-wp.ixole.es\/ca\/2017\/01\/16\/lestetica-en-pacients-oncologiques\/#primaryimage"},"thumbnailUrl":"https:\/\/garces-wp.ixole.es\/wp-content\/uploads\/2017\/01\/bn2-1-e1484654336779.jpg","datePublished":"2017-01-16T12:25:28+00:00","dateModified":"2017-04-03T15:12:35+00:00","breadcrumb":{"@id":"https:\/\/garces-wp.ixole.es\/ca\/2017\/01\/16\/lestetica-en-pacients-oncologiques\/#breadcrumb"},"inLanguage":"ca-ES","potentialAction":[{"@type":"ReadAction","target":["https:\/\/garces-wp.ixole.es\/ca\/2017\/01\/16\/lestetica-en-pacients-oncologiques\/"]}]},{"@type":"ImageObject","inLanguage":"ca-ES","@id":"https:\/\/garces-wp.ixole.es\/ca\/2017\/01\/16\/lestetica-en-pacients-oncologiques\/#primaryimage","url":"https:\/\/garces-wp.ixole.es\/wp-content\/uploads\/2017\/01\/bn2-1-e1484654336779.jpg","contentUrl":"https:\/\/garces-wp.ixole.es\/wp-content\/uploads\/2017\/01\/bn2-1-e1484654336779.jpg","width":320,"height":195},{"@type":"BreadcrumbList","@id":"https:\/\/garces-wp.ixole.es\/ca\/2017\/01\/16\/lestetica-en-pacients-oncologiques\/#breadcrumb","itemListElement":[{"@type":"ListItem","position":1,"name":"Portada","item":"https:\/\/garces-wp.ixole.es\/ca\/"},{"@type":"ListItem","position":2,"name":"L&#8217;est\u00e8tica en pacients oncol\u00f2giques"}]},{"@type":"WebSite","@id":"https:\/\/garces-wp.ixole.es\/#website","url":"https:\/\/garces-wp.ixole.es\/","name":"Dermatologia Garces","description":"Dermatologia Dr. JR Garc\u00e9s Centro M\u00e9dico Teknon","publisher":{"@id":"https:\/\/garces-wp.ixole.es\/#organization"},"potentialAction":[{"@type":"SearchAction","target":{"@type":"EntryPoint","urlTemplate":"https:\/\/garces-wp.ixole.es\/?s={search_term_string}"},"query-input":{"@type":"PropertyValueSpecification","valueRequired":true,"valueName":"search_term_string"}}],"inLanguage":"ca-ES"},{"@type":"Organization","@id":"https:\/\/garces-wp.ixole.es\/#organization","name":"Dermatologia Garc\u00e9s","url":"https:\/\/garces-wp.ixole.es\/","logo":{"@type":"ImageObject","inLanguage":"ca-ES","@id":"https:\/\/garces-wp.ixole.es\/#\/schema\/logo\/image\/","url":"https:\/\/garces-wp.ixole.es\/wp-content\/uploads\/2016\/04\/Logotip-Garces-1-e1490180757988.png","contentUrl":"https:\/\/garces-wp.ixole.es\/wp-content\/uploads\/2016\/04\/Logotip-Garces-1-e1490180757988.png","width":150,"height":55,"caption":"Dermatologia Garc\u00e9s"},"image":{"@id":"https:\/\/garces-wp.ixole.es\/#\/schema\/logo\/image\/"}},{"@type":"Person","@id":"https:\/\/garces-wp.ixole.es\/#\/schema\/person\/2f1a7a733d3ecebf2136762277ab8f5a","name":"Institut de Dermatolog\u00eda Garc\u00e9s","image":{"@type":"ImageObject","inLanguage":"ca-ES","@id":"https:\/\/garces-wp.ixole.es\/#\/schema\/person\/image\/","url":"https:\/\/secure.gravatar.com\/avatar\/668665620fc0567fb8d4c7ad2d99508295945799ecf11ae65e024f3e70edeff5?s=96&d=mm&r=g","contentUrl":"https:\/\/secure.gravatar.com\/avatar\/668665620fc0567fb8d4c7ad2d99508295945799ecf11ae65e024f3e70edeff5?s=96&d=mm&r=g","caption":"Institut de Dermatolog\u00eda Garc\u00e9s"}}]}},"_links":{"self":[{"href":"https:\/\/garces-wp.ixole.es\/ca\/wp-json\/wp\/v2\/posts\/1824","targetHints":{"allow":["GET"]}}],"collection":[{"href":"https:\/\/garces-wp.ixole.es\/ca\/wp-json\/wp\/v2\/posts"}],"about":[{"href":"https:\/\/garces-wp.ixole.es\/ca\/wp-json\/wp\/v2\/types\/post"}],"author":[{"embeddable":true,"href":"https:\/\/garces-wp.ixole.es\/ca\/wp-json\/wp\/v2\/users\/1"}],"replies":[{"embeddable":true,"href":"https:\/\/garces-wp.ixole.es\/ca\/wp-json\/wp\/v2\/comments?post=1824"}],"version-history":[{"count":3,"href":"https:\/\/garces-wp.ixole.es\/ca\/wp-json\/wp\/v2\/posts\/1824\/revisions"}],"predecessor-version":[{"id":1831,"href":"https:\/\/garces-wp.ixole.es\/ca\/wp-json\/wp\/v2\/posts\/1824\/revisions\/1831"}],"wp:featuredmedia":[{"embeddable":true,"href":"https:\/\/garces-wp.ixole.es\/ca\/wp-json\/wp\/v2\/media\/1021"}],"wp:attachment":[{"href":"https:\/\/garces-wp.ixole.es\/ca\/wp-json\/wp\/v2\/media?parent=1824"}],"wp:term":[{"taxonomy":"category","embeddable":true,"href":"https:\/\/garces-wp.ixole.es\/ca\/wp-json\/wp\/v2\/categories?post=1824"},{"taxonomy":"post_tag","embeddable":true,"href":"https:\/\/garces-wp.ixole.es\/ca\/wp-json\/wp\/v2\/tags?post=1824"}],"curies":[{"name":"wp","href":"https:\/\/api.w.org\/{rel}","templated":true}]}}